{"id":17186,"date":"2021-06-21T08:01:52","date_gmt":"2021-06-21T08:01:52","guid":{"rendered":"https:\/\/www.superyachts.news\/proyecto-vento-nuvolari-lenard\/"},"modified":"2021-06-21T15:18:45","modified_gmt":"2021-06-21T15:18:45","slug":"proyecto-vento-nuvolari-lenard","status":"publish","type":"post","link":"https:\/\/www.superyachts.news\/es\/proyecto-vento-nuvolari-lenard\/","title":{"rendered":"&#8220;Viento&#8221;: de Nuvolari Lenard una vuelta a la vela sostenible"},"content":{"rendered":"\t\t<div data-elementor-type=\"wp-post\" data-elementor-id=\"17186\" class=\"elementor elementor-17186 elementor-17117\" data-elementor-post-type=\"post\">\n\t\t\t\t\t\t<section class=\"elementor-section elementor-top-section elementor-element elementor-element-6238cc7 elementor-section-boxed elementor-section-height-default elementor-section-height-default\" data-id=\"6238cc7\" data-element_type=\"section\" data-e-type=\"section\">\n\t\t\t\t\t\t<div class=\"elementor-container elementor-column-gap-default\">\n\t\t\t\t\t<div class=\"elementor-column elementor-col-100 elementor-top-column elementor-element elementor-element-00641eb\" data-id=\"00641eb\" data-element_type=\"column\" data-e-type=\"column\">\n\t\t\t<div class=\"elementor-widget-wrap elementor-element-populated\">\n\t\t\t\t\t\t<div class=\"elementor-element elementor-element-e898151 elementor-widget elementor-widget-text-editor\" data-id=\"e898151\" data-element_type=\"widget\" data-e-type=\"widget\" data-widget_type=\"text-editor.default\">\n\t\t\t\t<div class=\"elementor-widget-container\">\n\t\t\t\t\t\t\t\t\t<div class=\"page\" title=\"Page 1\">\n<div class=\"section\">\n<div class=\"layoutArea\">\n<div class=\"column\">\n<p><strong>Devolver a la n\u00e1utica su natural vocaci\u00f3n ecologista y ecosostenible, independientemente de su tama\u00f1o: el proyecto NL 285 &#8220;<em>Vento<\/em>&#8220;, presentado por Nuvolari Lenard en el Sal\u00f3n N\u00e1utico de Venecia 2021 (del 29 de mayo al 6 de junio), es un manifiesto a favor de la protecci\u00f3n del medio ambiente y un llamamiento a los dise\u00f1adores y propietarios para que desarrollen, con plena conciencia y a 360\u00b0, grandes yates aut\u00e9nticamente verdes.<\/strong><\/p>\n<div class=\"page\" title=\"Page 1\">\n<div class=\"section\">\n<div class=\"layoutArea\">\n<div class=\"column\">\n<div class=\"page\" title=\"Page 1\">\n<div class=\"section\">\n<div class=\"layoutArea\">\n<div class=\"column\">\n<p><img fetchpriority=\"high\" decoding=\"async\" class=\"alignright wp-image-17139\" title=\"Carlo Nuvolari - Dan Lenard\" src=\"https:\/\/www.superyachts.news\/wp-content\/uploads\/2021\/06\/Carlo-Nuvolari-Dan-Lenard-300x200.jpg\" alt=\"Carlo Nuvolari - Dan Lenard\" width=\"500\" height=\"333\" srcset=\"https:\/\/www.superyachts.news\/wp-content\/uploads\/2021\/06\/Carlo-Nuvolari-Dan-Lenard-300x200.jpg 300w, https:\/\/www.superyachts.news\/wp-content\/uploads\/2021\/06\/Carlo-Nuvolari-Dan-Lenard-1024x683.jpg 1024w, https:\/\/www.superyachts.news\/wp-content\/uploads\/2021\/06\/Carlo-Nuvolari-Dan-Lenard-768x512.jpg 768w, https:\/\/www.superyachts.news\/wp-content\/uploads\/2021\/06\/Carlo-Nuvolari-Dan-Lenard-1536x1024.jpg 1536w, https:\/\/www.superyachts.news\/wp-content\/uploads\/2021\/06\/Carlo-Nuvolari-Dan-Lenard-2048x1365.jpg 2048w, https:\/\/www.superyachts.news\/wp-content\/uploads\/2021\/06\/Carlo-Nuvolari-Dan-Lenard-720x480.jpg 720w, https:\/\/www.superyachts.news\/wp-content\/uploads\/2021\/06\/Carlo-Nuvolari-Dan-Lenard-480x320.jpg 480w, https:\/\/www.superyachts.news\/wp-content\/uploads\/2021\/06\/Carlo-Nuvolari-Dan-Lenard-scaled.jpg 1920w\" sizes=\"(max-width: 500px) 100vw, 500px\" \/>Un superyate de 100 metros de eslora puede -y debe- ser respetuoso con el entorno y tener el menor impacto posible en el ecosistema. Para lograrlo, basta con invertir el rumbo, adoptando un comportamiento virtuoso y combinando al mismo tiempo los conocimientos, las tecnolog\u00edas y los materiales que conocemos. <strong>Carlo Nuvolari<\/strong> y <strong>Dan Lenard<\/strong>, fundadores del estudio de dise\u00f1o veneciano del mismo nombre, est\u00e1n convencidos de ello. Son sensibles a estas cuestiones y siempre han promovido el dise\u00f1o consciente de los yates (uno de sus \u00faltimos proyectos es Thunder, el taxi acu\u00e1tico h\u00edbrido veneciano de 14 plazas que se lanzar\u00e1 en 2020).<\/p>\n<div class=\"page\" title=\"Page 1\">\n<div class=\"section\">\n<div class=\"layoutArea\">\n<div class=\"column\">\n<p><strong>VUELTA A LO B\u00c1SICO<\/strong><\/p>\n<div class=\"page\" title=\"Page 1\">\n<div class=\"section\">\n<div class=\"layoutArea\">\n<div class=\"column\">\n<p>Bas\u00e1ndose en d\u00e9cadas de experiencia en el dise\u00f1o de yates a todos los niveles, con proyectos de gran \u00e9xito para astilleros emblem\u00e1ticos como <strong>Oceanco<\/strong>, <strong>Palmer Johnson<\/strong>, <strong>Perini Navi<\/strong> y <strong>CRN Ferretti<\/strong>, <strong>Nuvolari Lenard<\/strong> decidi\u00f3 romper el molde con un concepto radical que integra todos los par\u00e1metros de la navegaci\u00f3n pura con las necesidades del propietario de <a href=\"https:\/\/www.superyachts.news\/es\/\" target=\"_blank\" rel=\"noopener\">superyates<\/a> de hoy.<\/p>\n<div class=\"page\" title=\"Page 1\">\n<div class=\"section\">\n<div class=\"layoutArea\">\n<div class=\"column\">\n<p>De hecho, &#8220;<em>Vento<\/em>&#8221; no ser\u00e1 otro &#8220;<em>megayate asistido por vela<\/em>&#8220;, sino un aut\u00e9ntico y elegant\u00edsimo velero de 100 metros que encontrar\u00e1 su fuerza de propulsi\u00f3n natural en el viento. &#8220;<em>Ser consciente del medio ambiente tiene que convertirse en una forma de ser, adem\u00e1s de una forma de pensar<\/em>&#8220;, explica el ingeniero <strong>Carlo Nuvolari<\/strong>, &#8220;<em>y nada nos impide pensar en un gran yate verdaderamente ecol\u00f3gico. No es dif\u00edcil conseguir resultados importantes, basta con dejar de ser tradicionalista y arriesgarse, volviendo a lo b\u00e1sico: construir un velero que sea realmente eficiente<\/em>&#8220;.<\/p>\n<div class=\"page\" title=\"Page 1\">\n<div class=\"section\">\n<div class=\"layoutArea\">\n<div class=\"column\">\n<p><strong>SOSTENIBILIDAD Y RENDIMIENTO<\/strong><\/p>\n<div class=\"page\" title=\"Page 1\">\n<div class=\"section\">\n<div class=\"layoutArea\">\n<div class=\"column\">\n<p><img decoding=\"async\" class=\"alignleft wp-image-17146\" title=\"Carlo Nuvolari\" src=\"https:\/\/www.superyachts.news\/wp-content\/uploads\/2021\/06\/Carlo-Nuvolari-213x300.jpg\" alt=\"Carlo Nuvolari\" width=\"350\" height=\"493\" srcset=\"https:\/\/www.superyachts.news\/wp-content\/uploads\/2021\/06\/Carlo-Nuvolari-213x300.jpg 213w, https:\/\/www.superyachts.news\/wp-content\/uploads\/2021\/06\/Carlo-Nuvolari-726x1024.jpg 726w, https:\/\/www.superyachts.news\/wp-content\/uploads\/2021\/06\/Carlo-Nuvolari-768x1083.jpg 768w, https:\/\/www.superyachts.news\/wp-content\/uploads\/2021\/06\/Carlo-Nuvolari-1089x1536.jpg 1089w, https:\/\/www.superyachts.news\/wp-content\/uploads\/2021\/06\/Carlo-Nuvolari-1453x2048.jpg 1453w, https:\/\/www.superyachts.news\/wp-content\/uploads\/2021\/06\/Carlo-Nuvolari-480x677.jpg 480w, https:\/\/www.superyachts.news\/wp-content\/uploads\/2021\/06\/Carlo-Nuvolari-scaled.jpg 1362w\" sizes=\"(max-width: 350px) 100vw, 350px\" \/>En consonancia con la filosof\u00eda de dise\u00f1o propia de <strong>Nuvolari Lenard<\/strong>, de dise\u00f1o deportivo y musculoso, el &#8220;<em>Vento<\/em>&#8221; tiene l\u00edneas poderosas y agresivas que confirman su car\u00e1cter \u00fanico. Sin embargo, dado que la forma nunca es un fin en s\u00ed mismo, sino siempre la expresi\u00f3n de una funci\u00f3n precisa, la embarcaci\u00f3n est\u00e1 dise\u00f1ada para ser lo m\u00e1s eficiente posible: la proa, por ejemplo, adem\u00e1s de dar al yate una fuerte personalidad, permite la m\u00e1xima extensi\u00f3n de la longitud de la l\u00ednea de flotaci\u00f3n, mejorando as\u00ed el rendimiento a vela y la estabilidad.<\/p>\n<p>El resultado es un casco con una resistencia reducida y, por lo tanto, una menor necesidad de potencia para una velocidad determinada, lo que se traduce en enormes beneficios tanto a vela como a motor. La popa degradada tambi\u00e9n cumple una funci\u00f3n, ya que al ser de bajo volumen, tendr\u00e1 menos impacto en el desplazamiento total, un punto crucial en un casco eficiente y sostenible.<\/p>\n<p>Un velero debe ser ligero, con el peso concentrado en la parte inferior, por lo que el &#8220;<em>Vento<\/em>&#8221; se construir\u00e1 en aluminio con superestructuras y m\u00e1stiles en composite avanzado. Un casco que tiende a ser ligero y largo tendr\u00e1 menos resistencia residual y, en consecuencia, formar\u00e1 olas m\u00e1s peque\u00f1as, en beneficio de las costas, cada vez m\u00e1s expuestas al movimiento generado por los grandes y r\u00e1pidos barcos.<\/p>\n<div class=\"page\" title=\"Page 2\">\n<div class=\"section\">\n<div class=\"layoutArea\">\n<div class=\"column\">\n<p><strong>WING-SAIL<\/strong><\/p>\n<div class=\"page\" title=\"Page 2\">\n<div class=\"section\">\n<div class=\"layoutArea\">\n<div class=\"column\">\n<p><img decoding=\"async\" class=\"alignright wp-image-17153\" title=\"Dan Lenard\" src=\"https:\/\/www.superyachts.news\/wp-content\/uploads\/2021\/06\/Dan-Lenard-200x300.jpg\" alt=\"Dan Lenard\" width=\"350\" height=\"525\" srcset=\"https:\/\/www.superyachts.news\/wp-content\/uploads\/2021\/06\/Dan-Lenard-200x300.jpg 200w, https:\/\/www.superyachts.news\/wp-content\/uploads\/2021\/06\/Dan-Lenard-683x1024.jpg 683w, https:\/\/www.superyachts.news\/wp-content\/uploads\/2021\/06\/Dan-Lenard-768x1152.jpg 768w, https:\/\/www.superyachts.news\/wp-content\/uploads\/2021\/06\/Dan-Lenard-1024x1536.jpg 1024w, https:\/\/www.superyachts.news\/wp-content\/uploads\/2021\/06\/Dan-Lenard-1365x2048.jpg 1365w, https:\/\/www.superyachts.news\/wp-content\/uploads\/2021\/06\/Dan-Lenard-480x720.jpg 480w, https:\/\/www.superyachts.news\/wp-content\/uploads\/2021\/06\/Dan-Lenard-scaled.jpg 1280w\" sizes=\"(max-width: 350px) 100vw, 350px\" \/>Un casco eficiente debe ir acompa\u00f1ado de un plan de velas adecuado que maximice sus beneficios y su rendimiento. As\u00ed que Nuvolari Lenard se dirigi\u00f3 a <strong>Omer Wing-Sail<\/strong> y a su creador, <strong>Ilan Gonen<\/strong>, antiguo piloto de caza israel\u00ed, experto en aerodin\u00e1mica y entusiasta de la navegaci\u00f3n. El resultado es el Wing-Sail, el \u00fanico de su clase que -como han demostrado los recientes cascos de la <strong>Copa Am\u00e9rica<\/strong>&#8211; es mucho m\u00e1s eficiente que los aparejos tradicionales.<\/p>\n<p>De hecho, una vela de este tipo requiere menos superficie v\u00e9lica para obtener el mismo rendimiento, lo que desencadena una espiral positiva: al reducir la cantidad de vela habr\u00e1 menos fuerza de escora y, por tanto, se necesitar\u00e1 menos peso de la quilla para adrizar el barco. En una palabra: menos desplazamiento, que es el objetivo final. La quilla retr\u00e1ctil permitir\u00e1 pasar de un calado de 5,5 metros a uno de 9 metros. Los m\u00e1stiles de carbono medir\u00e1n 64 metros y soportar\u00e1n una superficie v\u00e9lica total de 2.100 metros cuadrados.<\/p>\n<div class=\"page\" title=\"Page 2\">\n<div class=\"section\">\n<div class=\"layoutArea\">\n<div class=\"column\">\n<p><strong>CUANDO VERDE RIMA CON GRANDE<\/strong><\/p>\n<div class=\"page\" title=\"Page 2\">\n<div class=\"section\">\n<div class=\"layoutArea\">\n<div class=\"column\">\n<p>Como todos los proyectos de Nuvolari Lenard, el &#8220;<em>Vento<\/em>&#8221; encierra, dentro de sus l\u00edneas deportivas y poderosas, interiores amplios y muy bien distribuidos, gracias a un cuidadoso estudio de vol\u00famenes y flujos. El concepto incluye seis cabinas dobles: cuatro VIP, una super VIP y la gran suite principal a proa en la cubierta principal con terraza privada. Los espacios exteriores tambi\u00e9n son enormes y variados, incluyendo, por supuesto, el flybridge, el spa, el club de playa y todas las ventajas que uno espera encontrar a bordo de un megayate de este tama\u00f1o.<\/p>\n<div class=\"page\" title=\"Page 2\">\n<div class=\"section\">\n<div class=\"layoutArea\">\n<div class=\"column\">\n<p><strong>CAMBIO DE RITMO<\/strong><\/p>\n<\/div>\n<\/div>\n<\/div>\n<\/div>\n<\/div>\n<\/div>\n<\/div>\n<\/div>\n<\/div>\n<\/div>\n<\/div>\n<\/div>\n<\/div>\n<\/div>\n<\/div>\n<\/div>\n<\/div>\n<\/div>\n<\/div>\n<\/div>\n<\/div>\n<\/div>\n<\/div>\n<\/div>\n<\/div>\n<\/div>\n<\/div>\n<\/div>\n<\/div>\n<\/div>\n<\/div>\n<\/div>\n<\/div>\n<\/div>\n<\/div>\n<\/div>\n<\/div>\n<\/div>\n<\/div>\n<\/div>\n<div class=\"page\" title=\"Page 2\">\n<div class=\"section\">\n<div class=\"layoutArea\">\n<div class=\"column\">\n<p>En cuanto a la propulsi\u00f3n del motor, Nuvolari Lenard est\u00e1 en contacto con una empresa l\u00edder en el sector para equipar al &#8220;<em>Vento<\/em>&#8221; con un sistema h\u00edbrido di\u00e9sel\/el\u00e9ctrico con generadores de velocidad variable y h\u00e9lices de paso variable que permite muchas opciones de funcionamiento para lograr las condiciones de m\u00e1xima eficiencia y m\u00ednimo consumo espec\u00edfico.<\/p>\n<div class=\"page\" title=\"Page 2\">\n<div class=\"section\">\n<div class=\"layoutArea\">\n<div class=\"column\">\n<p>&#8220;<em>Vento<\/em>&#8221; es mucho m\u00e1s que un yate vanguardista y respetuoso con el medio ambiente: es un concepto revolucionario que nos obliga a mirar la realidad a la cara y a enfrentarnos a ella con otros ojos y otra mentalidad. Un motor el\u00e9ctrico y unas bater\u00edas no son suficientes para que un barco sea ecol\u00f3gico, hay que cambiar de mentalidad, adquirir una visi\u00f3n global que sea capaz de equilibrar los beneficios y los costes de determinadas elecciones proyect\u00e1ndolas hacia el futuro. En resumen, el dise\u00f1o de yates debe cambiar de ritmo, preocuparse tanto por el mar que tenemos cerca como por los que est\u00e1n lejos y, desde el casco hasta el plano de las velas, pasando por la tecnolog\u00eda aplicada hasta la decoraci\u00f3n de los lujosos interiores, plantear preguntas y estar dispuesto a dar respuestas concretas.<\/p>\n<div class=\"page\" title=\"Page 3\">\n<div class=\"section\">\n<div class=\"layoutArea\">\n<div class=\"column\">\n<p>&#8220;<em>Vento<\/em>&#8221; se dirige a un mercado sensible a las cuestiones medioambientales y preocupado por el futuro del ecosistema marino, y est\u00e1 dispuesto a poner su granito de arena: navegar lo m\u00e1s posible, no contaminar, navegar despacio para no generar un movimiento de olas peligroso para las costas, evitar el despilfarro de energ\u00eda poniendo el aire acondicionado a temperaturas &#8220;polares&#8221; bajo cubierta y, sobre todo, recuperar la posesi\u00f3n del tiempo de navegaci\u00f3n, respetando los caprichos del viento que, en el Mediterr\u00e1neo, significa moverse en las primeras horas del d\u00eda y durante las t\u00e9rmicas de la tarde&#8230;<\/p>\n<p><img loading=\"lazy\" decoding=\"async\" class=\"aligncenter wp-image-17160 size-large\" title=\"Vento-100-SY-rendering \" src=\"https:\/\/www.superyachts.news\/wp-content\/uploads\/2021\/06\/NL285OWS-Vento-100-SY-rendering-02__1__18052021-1024x656.jpg\" alt=\"Vento-100-SY-rendering \" width=\"1024\" height=\"656\" srcset=\"https:\/\/www.superyachts.news\/wp-content\/uploads\/2021\/06\/NL285OWS-Vento-100-SY-rendering-02__1__18052021-1024x656.jpg 1024w, https:\/\/www.superyachts.news\/wp-content\/uploads\/2021\/06\/NL285OWS-Vento-100-SY-rendering-02__1__18052021-300x192.jpg 300w, https:\/\/www.superyachts.news\/wp-content\/uploads\/2021\/06\/NL285OWS-Vento-100-SY-rendering-02__1__18052021-768x492.jpg 768w, https:\/\/www.superyachts.news\/wp-content\/uploads\/2021\/06\/NL285OWS-Vento-100-SY-rendering-02__1__18052021-1536x983.jpg 1536w, https:\/\/www.superyachts.news\/wp-content\/uploads\/2021\/06\/NL285OWS-Vento-100-SY-rendering-02__1__18052021-2048x1311.jpg 2048w, https:\/\/www.superyachts.news\/wp-content\/uploads\/2021\/06\/NL285OWS-Vento-100-SY-rendering-02__1__18052021-480x307.jpg 480w, https:\/\/www.superyachts.news\/wp-content\/uploads\/2021\/06\/NL285OWS-Vento-100-SY-rendering-02__1__18052021-scaled.jpg 1920w\" sizes=\"(max-width: 1024px) 100vw, 1024px\" \/><\/p>\n<div class=\"page\" title=\"Page 3\">\n<div class=\"section\">\n<div class=\"layoutArea\">\n<div class=\"column\">\n<p>Una nueva forma de concebir los megayates a vela, con un enfoque real en la ecolog\u00eda, es posible: &#8220;<em>Vento<\/em>&#8221; es la prueba.<\/p>\n<div class=\"page\" title=\"Page 3\">\n<div class=\"section\">\n<div class=\"layoutArea\">\n<div class=\"column\">\n<p>Press Office<\/p>\n<p>Sand People Communication<\/p>\n<p><a href=\"https:\/\/www.sandpeoplecommunication.com\/\" target=\"_blank\" rel=\"noopener\">www.sandpeoplecommunication.com<\/a><\/p>\n<div class=\"page\" title=\"Page 3\">\n<div class=\"section\">\n<div class=\"layoutArea\">\n<div class=\"column\">\n<p>Alice Paniccia &#8211; +39 3881631323<\/p>\n<\/div>\n<\/div>\n<\/div>\n<\/div>\n<\/div>\n<\/div>\n<\/div>\n<\/div>\n<\/div>\n<\/div>\n<\/div>\n<\/div>\n<\/div>\n<\/div>\n<\/div>\n<\/div>\n<\/div>\n<\/div>\n<\/div>\n<\/div>\n<\/div>\n<\/div>\n<\/div>\n<\/div>\n<\/div>\n<\/div>\n<\/div>\n<\/div>\n<\/div>\n<\/div>\n<\/div>\n<\/div>\n<\/div>\n<\/div>\n<\/div>\n<\/div>\n\t\t\t\t\t\t\t\t<\/div>\n\t\t\t\t<\/div>\n\t\t\t\t\t<\/div>\n\t\t<\/div>\n\t\t\t\t\t<\/div>\n\t\t<\/section>\n\t\t\t\t<\/div>\n\t\t","protected":false},"excerpt":{"rendered":"<p>Devolver a la n\u00e1utica su natural vocaci\u00f3n ecologista y ecosostenible, independientemente de su tama\u00f1o: el proyecto NL 285 &#8220;Vento&#8220;, presentado por Nuvolari Lenard en el Sal\u00f3n N\u00e1utico de Venecia 2021 (del 29 de mayo al 6 de junio), es un manifiesto a favor de la protecci\u00f3n del medio ambiente y un llamamiento a los dise\u00f1adores [&hellip;]<\/p>\n","protected":false},"author":7,"featured_media":17121,"comment_status":"open","ping_status":"open","sticky":false,"template":"","format":"standard","meta":{"_mo_disable_npp":"","cybocfi_hide_featured_image":"","footnotes":""},"categories":[135,149],"tags":[],"class_list":["post-17186","post","type-post","status-publish","format-standard","has-post-thumbnail","hentry","category-noticias","category-superyates"],"yoast_head":"<!-- This site is optimized with the Yoast SEO plugin v27.3 - https:\/\/yoast.com\/product\/yoast-seo-wordpress\/ -->\n<title>&quot;Viento&quot;: de Nuvolari Lenard una vuelta a la vela sostenible | Superyachts News<\/title>\n<meta name=\"description\" content=\"el proyecto NL 285 &quot;Vento&quot;, presentado por Nuvolari Lenard en el Sal\u00f3n N\u00e1utico de Venecia 2021 (del 29 de mayo al 6 de junio), es un\" \/>\n<meta name=\"robots\" content=\"index, follow, max-snippet:-1, max-image-preview:large, max-video-preview:-1\" \/>\n<link rel=\"canonical\" href=\"https:\/\/www.superyachts.news\/es\/proyecto-vento-nuvolari-lenard\/\" \/>\n<meta property=\"og:locale\" content=\"es_ES\" \/>\n<meta property=\"og:type\" content=\"article\" \/>\n<meta property=\"og:title\" content=\"&quot;Viento&quot;: de Nuvolari Lenard una vuelta a la vela sostenible | Superyachts News\" \/>\n<meta property=\"og:description\" content=\"el proyecto NL 285 &quot;Vento&quot;, presentado por Nuvolari Lenard en el Sal\u00f3n N\u00e1utico de Venecia 2021 (del 29 de mayo al 6 de junio), es un\" \/>\n<meta property=\"og:url\" content=\"https:\/\/www.superyachts.news\/es\/proyecto-vento-nuvolari-lenard\/\" \/>\n<meta property=\"og:site_name\" content=\"Superyachts News\" \/>\n<meta property=\"article:publisher\" content=\"https:\/\/www.facebook.com\/TheInternationalYachtingMedia\" \/>\n<meta property=\"article:published_time\" content=\"2021-06-21T08:01:52+00:00\" \/>\n<meta property=\"article:modified_time\" content=\"2021-06-21T15:18:45+00:00\" \/>\n<meta property=\"og:image\" content=\"https:\/\/www.superyachts.news\/wp-content\/uploads\/2021\/06\/NL285OWS-Vento-100-SY-rendering-01__1__18052021-scaled-e1624260212422.jpg\" \/>\n\t<meta property=\"og:image:width\" content=\"1920\" \/>\n\t<meta property=\"og:image:height\" content=\"1229\" \/>\n\t<meta property=\"og:image:type\" content=\"image\/jpeg\" \/>\n<meta name=\"author\" content=\"Giorgio Ranucci\" \/>\n<meta name=\"twitter:card\" content=\"summary_large_image\" \/>\n<meta name=\"twitter:label1\" content=\"Escrito por\" \/>\n\t<meta name=\"twitter:data1\" content=\"Giorgio Ranucci\" \/>\n\t<meta name=\"twitter:label2\" content=\"Tiempo de lectura\" \/>\n\t<meta name=\"twitter:data2\" content=\"6 minutos\" \/>\n<!-- \/ Yoast SEO plugin. -->","yoast_head_json":{"title":"\"Viento\": de Nuvolari Lenard una vuelta a la vela sostenible | Superyachts News","description":"el proyecto NL 285 \"Vento\", presentado por Nuvolari Lenard en el Sal\u00f3n N\u00e1utico de Venecia 2021 (del 29 de mayo al 6 de junio), es un","robots":{"index":"index","follow":"follow","max-snippet":"max-snippet:-1","max-image-preview":"max-image-preview:large","max-video-preview":"max-video-preview:-1"},"canonical":"https:\/\/www.superyachts.news\/es\/proyecto-vento-nuvolari-lenard\/","og_locale":"es_ES","og_type":"article","og_title":"\"Viento\": de Nuvolari Lenard una vuelta a la vela sostenible | Superyachts News","og_description":"el proyecto NL 285 \"Vento\", presentado por Nuvolari Lenard en el Sal\u00f3n N\u00e1utico de Venecia 2021 (del 29 de mayo al 6 de junio), es un","og_url":"https:\/\/www.superyachts.news\/es\/proyecto-vento-nuvolari-lenard\/","og_site_name":"Superyachts News","article_publisher":"https:\/\/www.facebook.com\/TheInternationalYachtingMedia","article_published_time":"2021-06-21T08:01:52+00:00","article_modified_time":"2021-06-21T15:18:45+00:00","og_image":[{"width":1920,"height":1229,"url":"https:\/\/www.superyachts.news\/wp-content\/uploads\/2021\/06\/NL285OWS-Vento-100-SY-rendering-01__1__18052021-scaled-e1624260212422.jpg","type":"image\/jpeg"}],"author":"Giorgio Ranucci","twitter_card":"summary_large_image","twitter_misc":{"Escrito por":"Giorgio Ranucci","Tiempo de lectura":"6 minutos"},"schema":{"@context":"https:\/\/schema.org","@graph":[{"@type":"NewsArticle","@id":"https:\/\/www.superyachts.news\/es\/proyecto-vento-nuvolari-lenard\/#article","isPartOf":{"@id":"https:\/\/www.superyachts.news\/es\/proyecto-vento-nuvolari-lenard\/"},"author":{"name":"Giorgio Ranucci","@id":"https:\/\/www.superyachts.news\/es\/#\/schema\/person\/2e1360fd98ad4cff19be6b242d2ff48d"},"headline":"&#8220;Viento&#8221;: de Nuvolari Lenard una vuelta a la vela sostenible","datePublished":"2021-06-21T08:01:52+00:00","dateModified":"2021-06-21T15:18:45+00:00","mainEntityOfPage":{"@id":"https:\/\/www.superyachts.news\/es\/proyecto-vento-nuvolari-lenard\/"},"wordCount":1226,"commentCount":0,"publisher":{"@id":"https:\/\/www.superyachts.news\/es\/#organization"},"image":{"@id":"https:\/\/www.superyachts.news\/es\/proyecto-vento-nuvolari-lenard\/#primaryimage"},"thumbnailUrl":"https:\/\/www.superyachts.news\/wp-content\/uploads\/2021\/06\/NL285OWS-Vento-100-SY-rendering-01__1__18052021-scaled-e1624260212422.jpg","articleSection":["Noticias","Superyates"],"inLanguage":"es","potentialAction":[{"@type":"CommentAction","name":"Comment","target":["https:\/\/www.superyachts.news\/es\/proyecto-vento-nuvolari-lenard\/#respond"]}]},{"@type":"WebPage","@id":"https:\/\/www.superyachts.news\/es\/proyecto-vento-nuvolari-lenard\/","url":"https:\/\/www.superyachts.news\/es\/proyecto-vento-nuvolari-lenard\/","name":"\"Viento\": de Nuvolari Lenard una vuelta a la vela sostenible | Superyachts News","isPartOf":{"@id":"https:\/\/www.superyachts.news\/es\/#website"},"primaryImageOfPage":{"@id":"https:\/\/www.superyachts.news\/es\/proyecto-vento-nuvolari-lenard\/#primaryimage"},"image":{"@id":"https:\/\/www.superyachts.news\/es\/proyecto-vento-nuvolari-lenard\/#primaryimage"},"thumbnailUrl":"https:\/\/www.superyachts.news\/wp-content\/uploads\/2021\/06\/NL285OWS-Vento-100-SY-rendering-01__1__18052021-scaled-e1624260212422.jpg","datePublished":"2021-06-21T08:01:52+00:00","dateModified":"2021-06-21T15:18:45+00:00","description":"el proyecto NL 285 \"Vento\", presentado por Nuvolari Lenard en el Sal\u00f3n N\u00e1utico de Venecia 2021 (del 29 de mayo al 6 de junio), es un","inLanguage":"es","potentialAction":[{"@type":"ReadAction","target":["https:\/\/www.superyachts.news\/es\/proyecto-vento-nuvolari-lenard\/"]}]},{"@type":"ImageObject","inLanguage":"es","@id":"https:\/\/www.superyachts.news\/es\/proyecto-vento-nuvolari-lenard\/#primaryimage","url":"https:\/\/www.superyachts.news\/wp-content\/uploads\/2021\/06\/NL285OWS-Vento-100-SY-rendering-01__1__18052021-scaled-e1624260212422.jpg","contentUrl":"https:\/\/www.superyachts.news\/wp-content\/uploads\/2021\/06\/NL285OWS-Vento-100-SY-rendering-01__1__18052021-scaled-e1624260212422.jpg","width":1920,"height":1229,"caption":"nuvolari-lenard-Vento-100-SY-rendering"},{"@type":"WebSite","@id":"https:\/\/www.superyachts.news\/es\/#website","url":"https:\/\/www.superyachts.news\/es\/","name":"Superyachts News","description":"Everything about superyachts world","publisher":{"@id":"https:\/\/www.superyachts.news\/es\/#organization"},"potentialAction":[{"@type":"SearchAction","target":{"@type":"EntryPoint","urlTemplate":"https:\/\/www.superyachts.news\/es\/?s={search_term_string}"},"query-input":{"@type":"PropertyValueSpecification","valueRequired":true,"valueName":"search_term_string"}}],"inLanguage":"es"},{"@type":"Organization","@id":"https:\/\/www.superyachts.news\/es\/#organization","name":"Superyachts News","url":"https:\/\/www.superyachts.news\/es\/","logo":{"@type":"ImageObject","inLanguage":"es","@id":"https:\/\/www.superyachts.news\/es\/#\/schema\/logo\/image\/","url":"https:\/\/www.superyachts.news\/wp-content\/uploads\/2021\/04\/logo-superyachts-tiym-1200.png","contentUrl":"https:\/\/www.superyachts.news\/wp-content\/uploads\/2021\/04\/logo-superyachts-tiym-1200.png","width":1200,"height":188,"caption":"Superyachts News"},"image":{"@id":"https:\/\/www.superyachts.news\/es\/#\/schema\/logo\/image\/"},"sameAs":["https:\/\/www.facebook.com\/TheInternationalYachtingMedia","https:\/\/www.instagram.com\/superyachts.magazine\/","https:\/\/www.linkedin.com\/company\/the-international-yachting-media\/","https:\/\/www.youtube.com\/c\/TheInternationalYachtingMedia"]},{"@type":"Person","@id":"https:\/\/www.superyachts.news\/es\/#\/schema\/person\/2e1360fd98ad4cff19be6b242d2ff48d","name":"Giorgio Ranucci","image":{"@type":"ImageObject","inLanguage":"es","@id":"https:\/\/secure.gravatar.com\/avatar\/13c4fb6f4ea0726fe23c3f76db575f2c08fa2f5b8ec47fa1a66cfbbe081e5dd4?s=96&d=mm&r=g","url":"https:\/\/secure.gravatar.com\/avatar\/13c4fb6f4ea0726fe23c3f76db575f2c08fa2f5b8ec47fa1a66cfbbe081e5dd4?s=96&d=mm&r=g","contentUrl":"https:\/\/secure.gravatar.com\/avatar\/13c4fb6f4ea0726fe23c3f76db575f2c08fa2f5b8ec47fa1a66cfbbe081e5dd4?s=96&d=mm&r=g","caption":"Giorgio Ranucci"},"url":"https:\/\/www.superyachts.news\/es\/author\/giorgio\/"}]}},"_links":{"self":[{"href":"https:\/\/www.superyachts.news\/es\/wp-json\/wp\/v2\/posts\/17186","targetHints":{"allow":["GET"]}}],"collection":[{"href":"https:\/\/www.superyachts.news\/es\/wp-json\/wp\/v2\/posts"}],"about":[{"href":"https:\/\/www.superyachts.news\/es\/wp-json\/wp\/v2\/types\/post"}],"author":[{"embeddable":true,"href":"https:\/\/www.superyachts.news\/es\/wp-json\/wp\/v2\/users\/7"}],"replies":[{"embeddable":true,"href":"https:\/\/www.superyachts.news\/es\/wp-json\/wp\/v2\/comments?post=17186"}],"version-history":[{"count":3,"href":"https:\/\/www.superyachts.news\/es\/wp-json\/wp\/v2\/posts\/17186\/revisions"}],"predecessor-version":[{"id":17200,"href":"https:\/\/www.superyachts.news\/es\/wp-json\/wp\/v2\/posts\/17186\/revisions\/17200"}],"wp:featuredmedia":[{"embeddable":true,"href":"https:\/\/www.superyachts.news\/es\/wp-json\/wp\/v2\/media\/17121"}],"wp:attachment":[{"href":"https:\/\/www.superyachts.news\/es\/wp-json\/wp\/v2\/media?parent=17186"}],"wp:term":[{"taxonomy":"category","embeddable":true,"href":"https:\/\/www.superyachts.news\/es\/wp-json\/wp\/v2\/categories?post=17186"},{"taxonomy":"post_tag","embeddable":true,"href":"https:\/\/www.superyachts.news\/es\/wp-json\/wp\/v2\/tags?post=17186"}],"curies":[{"name":"wp","href":"https:\/\/api.w.org\/{rel}","templated":true}]}}