{"id":69046,"date":"2023-06-20T21:45:31","date_gmt":"2023-06-20T19:45:31","guid":{"rendered":"https:\/\/www.superyachts.news\/benetti-histoire-150-ans\/"},"modified":"2023-06-21T08:04:15","modified_gmt":"2023-06-21T06:04:15","slug":"benetti-histoire-150-ans","status":"publish","type":"post","link":"https:\/\/www.superyachts.news\/fr\/benetti-histoire-150-ans\/","title":{"rendered":"Benetti c\u00e9l\u00e8bre ses 150 ans d&#8217;histoire"},"content":{"rendered":"\t\t<div data-elementor-type=\"wp-post\" data-elementor-id=\"69046\" class=\"elementor elementor-69046 elementor-68914\" data-elementor-post-type=\"post\">\n\t\t\t\t\t\t<section class=\"elementor-section elementor-top-section elementor-element elementor-element-1787cad elementor-section-boxed elementor-section-height-default elementor-section-height-default\" data-id=\"1787cad\" data-element_type=\"section\" data-e-type=\"section\">\n\t\t\t\t\t\t<div class=\"elementor-container elementor-column-gap-default\">\n\t\t\t\t\t<div class=\"elementor-column elementor-col-100 elementor-top-column elementor-element elementor-element-e49a3b0\" data-id=\"e49a3b0\" data-element_type=\"column\" data-e-type=\"column\">\n\t\t\t<div class=\"elementor-widget-wrap elementor-element-populated\">\n\t\t\t\t\t\t<div class=\"elementor-element elementor-element-95a590b elementor-widget elementor-widget-text-editor\" data-id=\"95a590b\" data-element_type=\"widget\" data-e-type=\"widget\" data-widget_type=\"text-editor.default\">\n\t\t\t\t<div class=\"elementor-widget-container\">\n\t\t\t\t\t\t\t\t\t<p>La longue histoire de <strong>Benetti<\/strong>, jalonn\u00e9e de <em>succ\u00e8s<\/em> et d<em>&#8216;innovations<\/em>, a c\u00e9l\u00e9br\u00e9 son <strong>150e anniversaire<\/strong> le vendredi 16 juin dans le si\u00e8ge central de Viareggio.<\/p><p><strong><img class=\"alignright wp-image-68944\" title=\"\" alt=\"\" width=\"\" height=\"\" \/>Paolo<\/strong> et <strong>Giovanna<\/strong> <strong>Vitelli<\/strong> ont donn\u00e9 le coup d&#8217;envoi d&#8217;une c\u00e9l\u00e9bration qui a dur\u00e9 trois jours et \u00e0 laquelle ont particip\u00e9 les autorit\u00e9s locales, la presse et les employ\u00e9s. L&#8217;occasion a permis aux institutions pr\u00e9sentes de <strong>renforcer<\/strong> le <strong>lien<\/strong> qui unit Benetti au territoire. Les propri\u00e9taires et les employ\u00e9s ont \u00e9galement jou\u00e9 un r\u00f4le central au cours de ces journ\u00e9es, participant \u00e0 l&#8217;\u00e9v\u00e9nement en tant que <em>ressources fondamentales<\/em> pour la croissance et l&#8217;excellence du <a href=\"https:\/\/www.yachtingnews.com\/?s=benetti\" target=\"_blank\" rel=\"noopener\">chantier.<\/a><\/p><p>Fond\u00e9 en <strong>1873<\/strong>, Benetti est <strong>le plus ancien chantier italien<\/strong>, sp\u00e9cialis\u00e9 dans la fabrication de yachts de luxe, et reste encore aujourd&#8217;hui une <em>ic\u00f4ne de style<\/em> et d&#8217;<em>excellence<\/em>. La famille Benetti a produit des voiliers commerciaux jusqu&#8217;\u00e0 la fin de la guerre, lorsque, gr\u00e2ce \u00e0 l&#8217;intuition de <strong>Lorenzo Benetti,<\/strong> la construction d&#8217;\u00e9l\u00e9gants <strong>yachts<\/strong> en acier a commenc\u00e9, ce qui a radicalement chang\u00e9 l&#8217;histoire de la construction navale.<\/p><p>D\u00e8s lors, la production de mod\u00e8les l\u00e9gendaires a commenc\u00e9, qui aujourd&#8217;hui comme hier, sillonnent les mers avec le <em>raffinement<\/em> <em>classique<\/em> qui les distingue.<\/p><p><img fetchpriority=\"high\" decoding=\"async\" class=\"alignleft wp-image-68975\" title=\"Benetti Delfino\" src=\"https:\/\/www.superyachts.news\/wp-content\/uploads\/2023\/06\/Benetti-Delfino-300x169.jpg\" alt=\"Benetti Delfino\" width=\"600\" height=\"338\" srcset=\"https:\/\/www.superyachts.news\/wp-content\/uploads\/2023\/06\/Benetti-Delfino-300x169.jpg 300w, https:\/\/www.superyachts.news\/wp-content\/uploads\/2023\/06\/Benetti-Delfino-768x432.jpg 768w, https:\/\/www.superyachts.news\/wp-content\/uploads\/2023\/06\/Benetti-Delfino-1536x864.jpg 1536w, https:\/\/www.superyachts.news\/wp-content\/uploads\/2023\/06\/Benetti-Delfino-480x270.jpg 480w, https:\/\/www.superyachts.news\/wp-content\/uploads\/2023\/06\/Benetti-Delfino.jpg 1600w\" sizes=\"(max-width: 600px) 100vw, 600px\" \/>Des exemples clairs de l&#8217;innovation et de l&#8217;exp\u00e9rimentation du chantier sont: <strong>le Delfino de<\/strong> 1962, premier v\u00e9ritable yacht \u00e0 moteur de 18 m\u00e8tres jamais construit dans l&#8217;histoire du yachting; le <strong>Gabbiano de<\/strong> 1966, un yacht de 22 m\u00e8tres qui a introduit les concepts de croisi\u00e8re et de confort \u00e0 bord; le <strong>Mediterraneo<\/strong> de 1967 et le majestueux <strong>Nabila<\/strong> 1979, qui a attir\u00e9 l&#8217;attention du monde entier pour \u00eatre le plus grand gigayacht de l&#8217;\u00e9poque. Nabila a marqu\u00e9 un tournant dans l&#8217;histoire de Benetti, car il n&#8217;avait jamais \u00e9t\u00e9 vu, ni m\u00eame imagin\u00e9 possible, de construire un yacht de 86 m\u00e8tres avec des t\u00e9l\u00e9communications par satellite dans ces ann\u00e9es-l\u00e0, ce qui a \u00e9galement entra\u00een\u00e9 un changement de propri\u00e9taire au sein du <a target=\"\" rel=\"\">chantier.<\/a><\/p><p>Des familles diff\u00e9rentes mais avec la <strong>m\u00eame passion<\/strong> pour la marque et pour les personnes qui y travaillent, qui ont toujours \u00e9t\u00e9 consid\u00e9r\u00e9es comme une <em>ressource<\/em> fondamentale sans laquelle ce niveau d&#8217;<strong>excellence<\/strong> n&#8217;aurait jamais pu \u00eatre atteint, hier comme aujourd&#8217;hui.<\/p><p>Le changement de direction s&#8217;est fait dans le plus grand respect et avec des valeurs partag\u00e9es, dans le but de d\u00e9velopper l&#8217;excellence italienne en mati\u00e8re de construction de superyachts.<\/p><p><strong><img class=\"alignright wp-image-68937\" title=\"\" alt=\"\" width=\"\" height=\"\" \/>Paolo Vitelli<\/strong> a port\u00e9 Benetti encore plus haut avec l&#8217;introduction du <strong>composite<\/strong> dans la s\u00e9rie <em>Classic 115<\/em>, une innovation reprise par beaucoup, qui a \u00e9tabli la norme dans le secteur nautique. La restructuration interne a \u00e9galement conduit \u00e0 une plus grande solidit\u00e9, qui a permis non seulement la construction de m\u00e9ga-yachts imposants et luxueux depuis lors, mais aussi d&#8217;oser des designs et des technologies hors du commun.<\/p><p>Le r\u00e9cent projet <b>Oasis<\/b> <b>Deck<\/b><b>\u2122<\/b>, par exemple, a r\u00e9volutionn\u00e9 les ext\u00e9rieurs en les amenant au ras de l&#8217;eau, anticipant ce qui deviendrait plus tard la plus grande demande du march\u00e9: partager des espaces ouverts en contact \u00e9troit avec la nature. <img decoding=\"async\" class=\"aligncenter wp-image-68957 size-large\" title=\"Benetti B Yond \" src=\"https:\/\/www.superyachts.news\/wp-content\/uploads\/2023\/06\/Schermata-2023-06-20-alle-13.12.37-1600x875.png\" alt=\"Benetti B Yond \" width=\"1600\" height=\"875\" srcset=\"https:\/\/www.superyachts.news\/wp-content\/uploads\/2023\/06\/Schermata-2023-06-20-alle-13.12.37-1600x875.png 1600w, https:\/\/www.superyachts.news\/wp-content\/uploads\/2023\/06\/Schermata-2023-06-20-alle-13.12.37-300x164.png 300w, https:\/\/www.superyachts.news\/wp-content\/uploads\/2023\/06\/Schermata-2023-06-20-alle-13.12.37-768x420.png 768w, https:\/\/www.superyachts.news\/wp-content\/uploads\/2023\/06\/Schermata-2023-06-20-alle-13.12.37-1536x840.png 1536w, https:\/\/www.superyachts.news\/wp-content\/uploads\/2023\/06\/Schermata-2023-06-20-alle-13.12.37-480x262.png 480w, https:\/\/www.superyachts.news\/wp-content\/uploads\/2023\/06\/Schermata-2023-06-20-alle-13.12.37.png 1752w\" sizes=\"(max-width: 1600px) 100vw, 1600px\" \/><\/p><p>\u00c0 cet \u00e9gard, Benetti \u00e9tudie depuis plus de 20 ans des <em>solutions alternatives,<\/em> capables de <strong>r\u00e9duire les \u00e9missions<\/strong> et de pr\u00e9server l&#8217;environnement, et a r\u00e9ussi avec le <a href=\"https:\/\/www.superyachts.news\/benetti-b-yond\/\" target=\"_blank\" rel=\"noopener\"><strong>B.Yond 37,<\/strong><\/a> qui a \u00e9t\u00e9 r\u00e9compens\u00e9 en 2022 pour \u00eatre &#8220;le yacht le plus \u00e9co-durable du monde&#8221; gr\u00e2ce \u00e0 sa <em>propulsion<\/em> <em>hybride<\/em> <em>innovante.<\/em><\/p><p>Avec plus de 420 yachts fabriqu\u00e9s au cours des 150 derni\u00e8res ann\u00e9es, <strong>Benetti<\/strong> est aujourd&#8217;hui en mesure d&#8217;offrir l&#8217;une des plus larges gammes d&#8217;excellence sur le march\u00e9, allant de 34 \u00e0 plus de 100 m\u00e8tres. Une histoire d\u00e9di\u00e9e \u00e0 la recherche de la beaut\u00e9, du luxe et de l&#8217;innovation, qui a men\u00e9 l&#8217;industrie nautique italienne toujours plus haut dans le monde, de 1873 \u00e0 aujourd&#8217;hui.<\/p>\t\t\t\t\t\t\t\t<\/div>\n\t\t\t\t<\/div>\n\t\t\t\t\t<\/div>\n\t\t<\/div>\n\t\t\t\t\t<\/div>\n\t\t<\/section>\n\t\t\t\t<\/div>\n\t\t","protected":false},"excerpt":{"rendered":"<p>La longue histoire de Benetti, jalonn\u00e9e de succ\u00e8s et d&#8216;innovations, a c\u00e9l\u00e9br\u00e9 son 150e anniversaire le vendredi 16 juin dans le si\u00e8ge central de Viareggio. Paolo et Giovanna Vitelli ont donn\u00e9 le coup d&#8217;envoi d&#8217;une c\u00e9l\u00e9bration qui a dur\u00e9 trois jours et \u00e0 laquelle ont particip\u00e9 les autorit\u00e9s locales, la presse et les employ\u00e9s. L&#8217;occasion [&hellip;]<\/p>\n","protected":false},"author":26,"featured_media":68971,"comment_status":"open","ping_status":"open","sticky":false,"template":"","format":"standard","meta":{"_mo_disable_npp":"","cybocfi_hide_featured_image":"","footnotes":""},"categories":[1612,1573],"tags":[2291,2290,1739,2289,2292,2293,1593],"class_list":["post-69046","post","type-post","status-publish","format-standard","has-post-thumbnail","hentry","category-chantier-naval","category-nouvelles","tag-150-ans","tag-anniversaire","tag-benetti-fr","tag-benetti-b-yond-fr","tag-chantier","tag-megayachts-fr","tag-superyachts-fr"],"yoast_head":"<!-- This site is optimized with the Yoast SEO plugin v27.3 - https:\/\/yoast.com\/product\/yoast-seo-wordpress\/ -->\n<title>Benetti c\u00e9l\u00e8bre ses 150 ans d&#039;histoire | Superyachts News<\/title>\n<meta name=\"description\" content=\"La longue histoire de Benetti, jalonn\u00e9e de succ\u00e8s et d&#039;innovations, a c\u00e9l\u00e9br\u00e9 son 150e anniversaire le vendredi 16 juin\" \/>\n<meta name=\"robots\" content=\"index, follow, max-snippet:-1, max-image-preview:large, max-video-preview:-1\" \/>\n<link rel=\"canonical\" href=\"https:\/\/www.superyachts.news\/fr\/benetti-histoire-150-ans\/\" \/>\n<meta property=\"og:locale\" content=\"fr_FR\" \/>\n<meta property=\"og:type\" content=\"article\" \/>\n<meta property=\"og:title\" content=\"Benetti c\u00e9l\u00e8bre ses 150 ans d&#039;histoire | Superyachts News\" \/>\n<meta property=\"og:description\" content=\"La longue histoire de Benetti, jalonn\u00e9e de succ\u00e8s et d&#039;innovations, a c\u00e9l\u00e9br\u00e9 son 150e anniversaire le vendredi 16 juin\" \/>\n<meta property=\"og:url\" content=\"https:\/\/www.superyachts.news\/fr\/benetti-histoire-150-ans\/\" \/>\n<meta property=\"og:site_name\" content=\"Superyachts News\" \/>\n<meta property=\"article:publisher\" content=\"https:\/\/www.facebook.com\/TheInternationalYachtingMedia\" \/>\n<meta property=\"article:published_time\" content=\"2023-06-20T19:45:31+00:00\" \/>\n<meta property=\"article:modified_time\" content=\"2023-06-21T06:04:15+00:00\" \/>\n<meta property=\"og:image\" content=\"https:\/\/www.superyachts.news\/wp-content\/uploads\/2023\/06\/Benetti-150-anni_cerimonia.jpg\" \/>\n\t<meta property=\"og:image:width\" content=\"1600\" \/>\n\t<meta property=\"og:image:height\" content=\"900\" \/>\n\t<meta property=\"og:image:type\" content=\"image\/jpeg\" \/>\n<meta name=\"author\" content=\"Silvia Pretto\" \/>\n<meta name=\"twitter:card\" content=\"summary_large_image\" \/>\n<meta name=\"twitter:label1\" content=\"\u00c9crit par\" \/>\n\t<meta name=\"twitter:data1\" content=\"Silvia Pretto\" \/>\n\t<meta name=\"twitter:label2\" content=\"Dur\u00e9e de lecture estim\u00e9e\" \/>\n\t<meta name=\"twitter:data2\" content=\"4 minutes\" \/>\n<!-- \/ Yoast SEO plugin. -->","yoast_head_json":{"title":"Benetti c\u00e9l\u00e8bre ses 150 ans d'histoire | Superyachts News","description":"La longue histoire de Benetti, jalonn\u00e9e de succ\u00e8s et d'innovations, a c\u00e9l\u00e9br\u00e9 son 150e anniversaire le vendredi 16 juin","robots":{"index":"index","follow":"follow","max-snippet":"max-snippet:-1","max-image-preview":"max-image-preview:large","max-video-preview":"max-video-preview:-1"},"canonical":"https:\/\/www.superyachts.news\/fr\/benetti-histoire-150-ans\/","og_locale":"fr_FR","og_type":"article","og_title":"Benetti c\u00e9l\u00e8bre ses 150 ans d'histoire | Superyachts News","og_description":"La longue histoire de Benetti, jalonn\u00e9e de succ\u00e8s et d'innovations, a c\u00e9l\u00e9br\u00e9 son 150e anniversaire le vendredi 16 juin","og_url":"https:\/\/www.superyachts.news\/fr\/benetti-histoire-150-ans\/","og_site_name":"Superyachts News","article_publisher":"https:\/\/www.facebook.com\/TheInternationalYachtingMedia","article_published_time":"2023-06-20T19:45:31+00:00","article_modified_time":"2023-06-21T06:04:15+00:00","og_image":[{"width":1600,"height":900,"url":"https:\/\/www.superyachts.news\/wp-content\/uploads\/2023\/06\/Benetti-150-anni_cerimonia.jpg","type":"image\/jpeg"}],"author":"Silvia Pretto","twitter_card":"summary_large_image","twitter_misc":{"\u00c9crit par":"Silvia Pretto","Dur\u00e9e de lecture estim\u00e9e":"4 minutes"},"schema":{"@context":"https:\/\/schema.org","@graph":[{"@type":"NewsArticle","@id":"https:\/\/www.superyachts.news\/fr\/benetti-histoire-150-ans\/#article","isPartOf":{"@id":"https:\/\/www.superyachts.news\/fr\/benetti-histoire-150-ans\/"},"author":{"name":"Silvia Pretto","@id":"https:\/\/www.superyachts.news\/fr\/#\/schema\/person\/501b0e9975c97fc5493c1a64e8f143b3"},"headline":"Benetti c\u00e9l\u00e8bre ses 150 ans d&#8217;histoire","datePublished":"2023-06-20T19:45:31+00:00","dateModified":"2023-06-21T06:04:15+00:00","mainEntityOfPage":{"@id":"https:\/\/www.superyachts.news\/fr\/benetti-histoire-150-ans\/"},"wordCount":641,"commentCount":0,"publisher":{"@id":"https:\/\/www.superyachts.news\/fr\/#organization"},"image":{"@id":"https:\/\/www.superyachts.news\/fr\/benetti-histoire-150-ans\/#primaryimage"},"thumbnailUrl":"https:\/\/www.superyachts.news\/wp-content\/uploads\/2023\/06\/Benetti-150-anni_cerimonia.jpg","keywords":["150 ans","anniversaire","Benetti","Benetti B.Yond","Chantier","megayachts","superyachts"],"articleSection":["chantier naval","nouvelles"],"inLanguage":"fr-FR","potentialAction":[{"@type":"CommentAction","name":"Comment","target":["https:\/\/www.superyachts.news\/fr\/benetti-histoire-150-ans\/#respond"]}]},{"@type":"WebPage","@id":"https:\/\/www.superyachts.news\/fr\/benetti-histoire-150-ans\/","url":"https:\/\/www.superyachts.news\/fr\/benetti-histoire-150-ans\/","name":"Benetti c\u00e9l\u00e8bre ses 150 ans d'histoire | Superyachts News","isPartOf":{"@id":"https:\/\/www.superyachts.news\/fr\/#website"},"primaryImageOfPage":{"@id":"https:\/\/www.superyachts.news\/fr\/benetti-histoire-150-ans\/#primaryimage"},"image":{"@id":"https:\/\/www.superyachts.news\/fr\/benetti-histoire-150-ans\/#primaryimage"},"thumbnailUrl":"https:\/\/www.superyachts.news\/wp-content\/uploads\/2023\/06\/Benetti-150-anni_cerimonia.jpg","datePublished":"2023-06-20T19:45:31+00:00","dateModified":"2023-06-21T06:04:15+00:00","description":"La longue histoire de Benetti, jalonn\u00e9e de succ\u00e8s et d'innovations, a c\u00e9l\u00e9br\u00e9 son 150e anniversaire le vendredi 16 juin","inLanguage":"fr-FR","potentialAction":[{"@type":"ReadAction","target":["https:\/\/www.superyachts.news\/fr\/benetti-histoire-150-ans\/"]}]},{"@type":"ImageObject","inLanguage":"fr-FR","@id":"https:\/\/www.superyachts.news\/fr\/benetti-histoire-150-ans\/#primaryimage","url":"https:\/\/www.superyachts.news\/wp-content\/uploads\/2023\/06\/Benetti-150-anni_cerimonia.jpg","contentUrl":"https:\/\/www.superyachts.news\/wp-content\/uploads\/2023\/06\/Benetti-150-anni_cerimonia.jpg","width":1600,"height":900,"caption":"Benetti 150 anni_cerimonia"},{"@type":"WebSite","@id":"https:\/\/www.superyachts.news\/fr\/#website","url":"https:\/\/www.superyachts.news\/fr\/","name":"Superyachts News","description":"Everything about superyachts world","publisher":{"@id":"https:\/\/www.superyachts.news\/fr\/#organization"},"potentialAction":[{"@type":"SearchAction","target":{"@type":"EntryPoint","urlTemplate":"https:\/\/www.superyachts.news\/fr\/?s={search_term_string}"},"query-input":{"@type":"PropertyValueSpecification","valueRequired":true,"valueName":"search_term_string"}}],"inLanguage":"fr-FR"},{"@type":"Organization","@id":"https:\/\/www.superyachts.news\/fr\/#organization","name":"Superyachts News","url":"https:\/\/www.superyachts.news\/fr\/","logo":{"@type":"ImageObject","inLanguage":"fr-FR","@id":"https:\/\/www.superyachts.news\/fr\/#\/schema\/logo\/image\/","url":"https:\/\/www.superyachts.news\/wp-content\/uploads\/2021\/04\/logo-superyachts-tiym-1200.png","contentUrl":"https:\/\/www.superyachts.news\/wp-content\/uploads\/2021\/04\/logo-superyachts-tiym-1200.png","width":1200,"height":188,"caption":"Superyachts News"},"image":{"@id":"https:\/\/www.superyachts.news\/fr\/#\/schema\/logo\/image\/"},"sameAs":["https:\/\/www.facebook.com\/TheInternationalYachtingMedia","https:\/\/www.instagram.com\/superyachts.magazine\/","https:\/\/www.linkedin.com\/company\/the-international-yachting-media\/","https:\/\/www.youtube.com\/c\/TheInternationalYachtingMedia"]},{"@type":"Person","@id":"https:\/\/www.superyachts.news\/fr\/#\/schema\/person\/501b0e9975c97fc5493c1a64e8f143b3","name":"Silvia Pretto","image":{"@type":"ImageObject","inLanguage":"fr-FR","@id":"https:\/\/secure.gravatar.com\/avatar\/9b2f637480bfaa241b5d1becff12088a345617e0361d64eb7705beee94add8c0?s=96&d=mm&r=g","url":"https:\/\/secure.gravatar.com\/avatar\/9b2f637480bfaa241b5d1becff12088a345617e0361d64eb7705beee94add8c0?s=96&d=mm&r=g","contentUrl":"https:\/\/secure.gravatar.com\/avatar\/9b2f637480bfaa241b5d1becff12088a345617e0361d64eb7705beee94add8c0?s=96&d=mm&r=g","caption":"Silvia Pretto"},"url":"https:\/\/www.superyachts.news\/fr\/author\/silviap\/"}]}},"_links":{"self":[{"href":"https:\/\/www.superyachts.news\/fr\/wp-json\/wp\/v2\/posts\/69046","targetHints":{"allow":["GET"]}}],"collection":[{"href":"https:\/\/www.superyachts.news\/fr\/wp-json\/wp\/v2\/posts"}],"about":[{"href":"https:\/\/www.superyachts.news\/fr\/wp-json\/wp\/v2\/types\/post"}],"author":[{"embeddable":true,"href":"https:\/\/www.superyachts.news\/fr\/wp-json\/wp\/v2\/users\/26"}],"replies":[{"embeddable":true,"href":"https:\/\/www.superyachts.news\/fr\/wp-json\/wp\/v2\/comments?post=69046"}],"version-history":[{"count":6,"href":"https:\/\/www.superyachts.news\/fr\/wp-json\/wp\/v2\/posts\/69046\/revisions"}],"predecessor-version":[{"id":69052,"href":"https:\/\/www.superyachts.news\/fr\/wp-json\/wp\/v2\/posts\/69046\/revisions\/69052"}],"wp:featuredmedia":[{"embeddable":true,"href":"https:\/\/www.superyachts.news\/fr\/wp-json\/wp\/v2\/media\/68971"}],"wp:attachment":[{"href":"https:\/\/www.superyachts.news\/fr\/wp-json\/wp\/v2\/media?parent=69046"}],"wp:term":[{"taxonomy":"category","embeddable":true,"href":"https:\/\/www.superyachts.news\/fr\/wp-json\/wp\/v2\/categories?post=69046"},{"taxonomy":"post_tag","embeddable":true,"href":"https:\/\/www.superyachts.news\/fr\/wp-json\/wp\/v2\/tags?post=69046"}],"curies":[{"name":"wp","href":"https:\/\/api.w.org\/{rel}","templated":true}]}}