{"id":75592,"date":"2024-02-18T00:18:51","date_gmt":"2024-02-17T22:18:51","guid":{"rendered":"https:\/\/www.superyachts.news\/superyacht-cup-palma-2024\/"},"modified":"2024-02-19T09:57:58","modified_gmt":"2024-02-19T07:57:58","slug":"superyacht-cup-palma-2024","status":"publish","type":"post","link":"https:\/\/www.superyachts.news\/fr\/superyacht-cup-palma-2024\/","title":{"rendered":"La Superyacht Cup Palma d\u00e9marre sur les chapeaux de roues entre d\u00e9butants et v\u00e9t\u00e9rans"},"content":{"rendered":"\t\t<div data-elementor-type=\"wp-post\" data-elementor-id=\"75592\" class=\"elementor elementor-75592 elementor-75494\" data-elementor-post-type=\"post\">\n\t\t\t\t\t\t<section class=\"elementor-section elementor-top-section elementor-element elementor-element-62a068b elementor-section-boxed elementor-section-height-default elementor-section-height-default\" data-id=\"62a068b\" data-element_type=\"section\" data-e-type=\"section\">\n\t\t\t\t\t\t<div class=\"elementor-container elementor-column-gap-default\">\n\t\t\t\t\t<div class=\"elementor-column elementor-col-100 elementor-top-column elementor-element elementor-element-d042b23\" data-id=\"d042b23\" data-element_type=\"column\" data-e-type=\"column\">\n\t\t\t<div class=\"elementor-widget-wrap elementor-element-populated\">\n\t\t\t\t\t\t<div class=\"elementor-element elementor-element-54f4f0d elementor-widget elementor-widget-text-editor\" data-id=\"54f4f0d\" data-element_type=\"widget\" data-e-type=\"widget\" data-widget_type=\"text-editor.default\">\n\t\t\t\t<div class=\"elementor-widget-container\">\n\t\t\t\t\t\t\t\t\t<p>La <strong>Superyacht Cup Palma<\/strong> attend l&#8217;\u00e9t\u00e9 2024 avec beaucoup d&#8217;enthousiasme. En fait, la 28e \u00e9dition de la plus ancienne r\u00e9gate de superyachts d&#8217;Europe a d\u00e9j\u00e0 annonc\u00e9 un trio int\u00e9ressant de participants. L&#8217;\u00e9v\u00e9nement, pr\u00e9vu  <strong>19 au 22 juin \u00e0 Palma de Majorque<\/strong>La Superyacht Cup Palma est v\u00e9cue et c\u00e9l\u00e9br\u00e9e comme un v\u00e9ritable festival de la voile. Chaque ann\u00e9e, les m\u00eames magnifiques yachts reviennent, aux c\u00f4t\u00e9s de ceux qui font leurs d\u00e9buts sur le parcours tr\u00e8s disput\u00e9 de la baie de l&#8217;\u00eele de l&#8217;archipel des Bal\u00e9ares. Cr\u00e9\u00e9 en 1996, le Superyacht Club Palma attire certains des plus grands et des plus prestigieux voiliers du monde dans le cadre d&#8217;une r\u00e9gate hautement comp\u00e9titive organis\u00e9e dans des conditions de brise de mer fiables et dans une atmosph\u00e8re d\u00e9tendue et amusante. En outre, l&#8217;\u00e9v\u00e9nement offre un environnement social priv\u00e9 et informel pour le r\u00e9seautage au Yacht Club Race Village, qui devient pendant quelques jours le point de convergence des propri\u00e9taires, des invit\u00e9s, des sponsors et des marins. L&#8217;exclusif <strong>Real Club N\u00e1utico de Palma<\/strong> a \u00e9t\u00e9 choisi pour accueillir le 25e anniversaire de la Superyacht Cup en 2020 et est rest\u00e9 le nouveau si\u00e8ge de l&#8217;\u00e9v\u00e9nement depuis lors.<\/p>\n<h2>Les d\u00e9butants \u00e0 la Superyacht Cup Palma 2024<\/h2>\n<figure id=\"attachment_75507\" aria-describedby=\"caption-attachment-75507\" style=\"width: 400px\" class=\"wp-caption alignright\"><img fetchpriority=\"high\" decoding=\"async\" class=\"wp-image-75504\" src=\"https:\/\/www.superyachts.news\/wp-content\/uploads\/2024\/02\/superyacht-cup-palma_namuun.jpg\" alt=\"Superyacht Club Palma\" width=\"400\" height=\"266\" srcset=\"https:\/\/www.superyachts.news\/wp-content\/uploads\/2024\/02\/superyacht-cup-palma_namuun.jpg 1200w, https:\/\/www.superyachts.news\/wp-content\/uploads\/2024\/02\/superyacht-cup-palma_namuun-300x200.jpg 300w, https:\/\/www.superyachts.news\/wp-content\/uploads\/2024\/02\/superyacht-cup-palma_namuun-768x511.jpg 768w, https:\/\/www.superyachts.news\/wp-content\/uploads\/2024\/02\/superyacht-cup-palma_namuun-720x480.jpg 720w, https:\/\/www.superyachts.news\/wp-content\/uploads\/2024\/02\/superyacht-cup-palma_namuun-480x320.jpg 480w\" sizes=\"(max-width: 400px) 100vw, 400px\" \/><figcaption id=\"caption-attachment-75507\" class=\"wp-caption-text\">Namuun<\/figcaption><\/figure>\n<p>Parmi les nouveaux venus de l&#8217;\u00e9dition 2024, comme mentionn\u00e9 ci-dessus, les organisateurs de la r\u00e9gate majorquine ont r\u00e9cemment annonc\u00e9 l&#8217;inscription de quelques \u00e9quipes exceptionnelles. Il s&#8217;agit de deux mod\u00e8les Hoek &#8211; le <strong>Namuun (ex-Simba) de 32 m\u00e8tres de Turquoise Yachts<\/strong> et le<strong>Hoek Truly Classic Halekai de 40 m\u00e8tres, construit par Pendennis<\/strong> &#8211; ainsi que du remarquable <strong>ketch Tawera (ex-Catalyst) de 28 m\u00e8tres<\/strong>, un mod\u00e8le de Ron Holland construit par Alloy Yachts NZ.<\/p>\n<p>&#8220;<em>Nous connaissons la Superyacht Cup Palma depuis de nombreuses ann\u00e9es et nous \u00e9tions impatients de participer \u00e0 ce qui est manifestement une grande r\u00e9gate.<\/em>a d\u00e9clar\u00e9  <strong>Mike Mahoney<\/strong>propri\u00e9taire de Tawera. &#8220;<em>Maintenant que nous sommes en M\u00e9diterran\u00e9e, l&#8217;occasion est trop belle pour la laisser passer, alors rendez-vous en juin sur la ligne de d\u00e9part !<\/em>&#8220;.<\/p>\n<h2>Les v\u00e9t\u00e9rans<\/h2>\n<figure id=\"attachment_75521\" aria-describedby=\"caption-attachment-75521\" style=\"width: 400px\" class=\"wp-caption alignleft\"><img decoding=\"async\" class=\"wp-image-75518\" src=\"https:\/\/www.superyachts.news\/wp-content\/uploads\/2024\/02\/m1692_F84T8843.jpg\" alt=\"\" width=\"400\" height=\"267\" srcset=\"https:\/\/www.superyachts.news\/wp-content\/uploads\/2024\/02\/m1692_F84T8843.jpg 600w, https:\/\/www.superyachts.news\/wp-content\/uploads\/2024\/02\/m1692_F84T8843-300x200.jpg 300w, https:\/\/www.superyachts.news\/wp-content\/uploads\/2024\/02\/m1692_F84T8843-480x320.jpg 480w\" sizes=\"(max-width: 400px) 100vw, 400px\" \/><figcaption id=\"caption-attachment-75521\" class=\"wp-caption-text\">Arc-en-ciel<\/figcaption><\/figure>\n<p>Les participants \u00e0 la Superyacht Cup Palma 2024 devront rivaliser avec les tenants du titre, Team Rose \u00e0 bord du <strong>24 m\u00e8tres Wally<\/strong>, qui a lui aussi d\u00e9j\u00e0 confirm\u00e9 sa participation. Parmi les adversaires les plus redoutables, le <strong>Swan 100 Onyx<\/strong>, d\u00e9j\u00e0 finaliste en 2023, et le <strong>J Class Rainbow<\/strong>: ce dernier a particip\u00e9 \u00e0 sa derni\u00e8re Superyacht Cup Palma en 2014, mais sort d&#8217;un grand car\u00e9nage qui le rend particuli\u00e8rement redoutable.<\/p>\n<p>Un autre participant important de l  <a href=\"https:\/\/www.superyachts.news\/fr\/tag\/superyachts-fr\/\">qui<\/a>  Le retour \u00e0 la r\u00e9gate de Palma est bienvenu.  <strong>Chantier naval de Pendennis<\/strong>qui revient en tant que Gold Sponsor. &#8220;<em>Nous sommes ravis de soutenir \u00e0 nouveau la Superyacht Cup Palma.<\/em>&#8220;Le directeur g\u00e9n\u00e9ral Toby Allies a d\u00e9clar\u00e9 &#8220;<em>Il est fantastique de voir qu&#8217;un nombre important de yachts participant cette ann\u00e9e ont \u00e9t\u00e9 construits ou r\u00e9par\u00e9s par nos soins dans notre chantier naval de Falmouth, au Royaume-Uni, ou dans le centre de service de Pendennis Vilanova, en Espagne.<\/em>&#8220;.<\/p>\n<h2>L&#8217;Espagne au c\u0153ur des r\u00e9gates de 2024<\/h2>\n<p><img decoding=\"async\" class=\"alignright wp-image-75532\" src=\"https:\/\/www.superyachts.news\/wp-content\/uploads\/2024\/02\/superyacht-cup-palma-2024-pendennis.jpg\" alt=\"superyacht cup palm\" width=\"400\" height=\"240\" srcset=\"https:\/\/www.superyachts.news\/wp-content\/uploads\/2024\/02\/superyacht-cup-palma-2024-pendennis.jpg 1200w, https:\/\/www.superyachts.news\/wp-content\/uploads\/2024\/02\/superyacht-cup-palma-2024-pendennis-300x180.jpg 300w, https:\/\/www.superyachts.news\/wp-content\/uploads\/2024\/02\/superyacht-cup-palma-2024-pendennis-768x461.jpg 768w, https:\/\/www.superyachts.news\/wp-content\/uploads\/2024\/02\/superyacht-cup-palma-2024-pendennis-480x288.jpg 480w\" sizes=\"(max-width: 400px) 100vw, 400px\" \/>Avec l&#8217;<a href=\"https:\/\/www.tuttobarche.it\/magazine\/37-americas-cup-team\" target=\"_blank\" rel=\"noopener\">America&#8217;<\/a> s Cup qui d\u00e9butera \u00e0 Barcelone quelques semaines apr\u00e8s la Superyacht Cup Palma, l&#8217;Espagne est l&#8217;endroit id\u00e9al pour passer l&#8217;\u00e9t\u00e9 2024 pour tous les passionn\u00e9s de voile. &#8220;Ce sera une ann\u00e9e sp\u00e9ciale pour la voile dans cette partie du monde et nous sommes pr\u00eats \u00e0 faire notre part pour la rendre inoubliable&#8221;, a d\u00e9clar\u00e9 <strong>Kate Branagh<\/strong>, directrice de l&#8217;\u00e9v\u00e9nement de la Superyacht Cup Palma. &#8220;Comme toujours, tout le monde est le bienvenu, les anciens amis comme les nouveaux, et l&#8217;accueil chaleureux des Majorquins est garanti, tout comme la brise toujours fiable dans la baie de Palma.<\/p>\n\t\t\t\t\t\t\t\t<\/div>\n\t\t\t\t<\/div>\n\t\t\t\t\t<\/div>\n\t\t<\/div>\n\t\t\t\t\t<\/div>\n\t\t<\/section>\n\t\t\t\t<\/div>\n\t\t","protected":false},"excerpt":{"rendered":"<p>La Superyacht Cup Palma attend l&#8217;\u00e9t\u00e9 2024 avec beaucoup d&#8217;enthousiasme. En fait, la 28e \u00e9dition de la plus ancienne r\u00e9gate de superyachts d&#8217;Europe a d\u00e9j\u00e0 annonc\u00e9 un trio int\u00e9ressant de participants. L&#8217;\u00e9v\u00e9nement, pr\u00e9vu 19 au 22 juin \u00e0 Palma de MajorqueLa Superyacht Cup Palma est v\u00e9cue et c\u00e9l\u00e9br\u00e9e comme un v\u00e9ritable festival de la voile. [&hellip;]<\/p>\n","protected":false},"author":22,"featured_media":75528,"comment_status":"open","ping_status":"open","sticky":false,"template":"","format":"standard","meta":{"_mo_disable_npp":"","cybocfi_hide_featured_image":"","footnotes":""},"categories":[1589,1573],"tags":[2849],"class_list":["post-75592","post","type-post","status-publish","format-standard","has-post-thumbnail","hentry","category-mode-de-vie","category-nouvelles","tag-superyacht-cup-palma-fr"],"_links":{"self":[{"href":"https:\/\/www.superyachts.news\/fr\/wp-json\/wp\/v2\/posts\/75592","targetHints":{"allow":["GET"]}}],"collection":[{"href":"https:\/\/www.superyachts.news\/fr\/wp-json\/wp\/v2\/posts"}],"about":[{"href":"https:\/\/www.superyachts.news\/fr\/wp-json\/wp\/v2\/types\/post"}],"author":[{"embeddable":true,"href":"https:\/\/www.superyachts.news\/fr\/wp-json\/wp\/v2\/users\/22"}],"replies":[{"embeddable":true,"href":"https:\/\/www.superyachts.news\/fr\/wp-json\/wp\/v2\/comments?post=75592"}],"version-history":[{"count":0,"href":"https:\/\/www.superyachts.news\/fr\/wp-json\/wp\/v2\/posts\/75592\/revisions"}],"wp:featuredmedia":[{"embeddable":true,"href":"https:\/\/www.superyachts.news\/fr\/wp-json\/wp\/v2\/media\/75528"}],"wp:attachment":[{"href":"https:\/\/www.superyachts.news\/fr\/wp-json\/wp\/v2\/media?parent=75592"}],"wp:term":[{"taxonomy":"category","embeddable":true,"href":"https:\/\/www.superyachts.news\/fr\/wp-json\/wp\/v2\/categories?post=75592"},{"taxonomy":"post_tag","embeddable":true,"href":"https:\/\/www.superyachts.news\/fr\/wp-json\/wp\/v2\/tags?post=75592"}],"curies":[{"name":"wp","href":"https:\/\/api.w.org\/{rel}","templated":true}]}}